{"id":338,"date":"2026-04-27T12:59:16","date_gmt":"2026-04-27T10:59:16","guid":{"rendered":"https:\/\/lhoteldeverre.noosfere.org\/?p=338"},"modified":"2026-04-27T13:04:31","modified_gmt":"2026-04-27T11:04:31","slug":"loeuvre-invisible-vladimir-rodionov-et-avril-tembouret","status":"publish","type":"post","link":"https:\/\/lhoteldeverre.noosfere.org\/index.php\/2026\/04\/27\/loeuvre-invisible-vladimir-rodionov-et-avril-tembouret\/","title":{"rendered":"l\u2019\u0153uvre invisible, Vladimir Rodionov et Avril Tembouret"},"content":{"rendered":"<div class=\"wp-block-image\">\n<figure class=\"alignleft size-large is-resized\"><img loading=\"lazy\" decoding=\"async\" width=\"434\" height=\"586\" src=\"https:\/\/lhoteldeverre.noosfere.org\/wp-content\/uploads\/2026\/04\/Capture-decran-2026-04-27-122752.png\" alt=\"\" class=\"wp-image-339\" style=\"width:350px\" srcset=\"https:\/\/lhoteldeverre.noosfere.org\/wp-content\/uploads\/2026\/04\/Capture-decran-2026-04-27-122752.png 434w, https:\/\/lhoteldeverre.noosfere.org\/wp-content\/uploads\/2026\/04\/Capture-decran-2026-04-27-122752-222x300.png 222w\" sizes=\"auto, (max-width: 434px) 100vw, 434px\" \/><\/figure>\n<\/div>\n\n\n<div class=\"wp-block-group is-nowrap is-layout-flex wp-container-core-group-is-layout-ad2f72ca wp-block-group-is-layout-flex\">\n<p>Avril Tembouret, suite \u00e0 une discussion avec Jean Rochefort, part \u00e0 la recherche de l\u2019\u0153uvre d&rsquo;Alexandre Trannoy. Ce cin\u00e9aste des ann\u00e9es 60\/70 a tent\u00e9 de r\u00e9aliser plusieurs films mais aucun n&rsquo;est parvenu jusqu&rsquo;\u00e0 la projection publique. Son premier court-m\u00e9trage a brul\u00e9 dans l&rsquo;accident de voiture qui l&#8217;emmenait \u00e0 sa projection au festival de Cannes et ses oeuvres suivantes ont toutes connues mauvaises fortunes : annulation suite \u00e0 d\u00e9passement de budget, disparition du producteur, destruction des rushes&#8230;<\/p>\n<\/div>\n\n\n\n<figure class=\"wp-block-gallery has-nested-images columns-default is-cropped wp-block-gallery-1 is-layout-flex wp-block-gallery-is-layout-flex\"><\/figure>\n\n\n\n<p>Puisqu&rsquo;il ne reste \u00e0 peu pr\u00e8s rien de Trannoy en dehors de quelques photos (et d&rsquo;une apparition dans une sc\u00e8ne de La Strada de Fellini !), le documentaire fait la part belle aux t\u00e9moignages de ceux qui l&rsquo;ont connu : Jean Rochefort \u00e9videmment dont il \u00e9tait un ami proche, Jean-Claude Carri\u00e8re qui a tent\u00e9 d&rsquo;\u00e9crire le sc\u00e9nario d&rsquo;un film de Trannoy dans des conditions assez absurdes (Trannoy tournait pendant la journ\u00e9e et Carri\u00e8re, enferm\u00e9 dans sa chambre d&rsquo;h\u00f4tel, tentait de b\u00e2tir une histoire \u00e0 partir de ces images), Claude Lellouch qui fut le premier assistant de Trannoy, Anouck Aim\u00e9e et Jacques Perrin qui ont jou\u00e9 dans ses films, mais aussi Michel Boujut le critique de cin\u00e9ma qui poss\u00e8de une interview de Trannoy ou Robert Ackerman qui produisit (ou tenta de produire) un film de Trannoy avec Marlene Dietrich dans le r\u00f4le principal (!). <\/p>\n\n\n\n<p>Plus le documentaire avance et plus tout cela semble incroyable. On se dit qu&rsquo;il s&rsquo;agit d&rsquo;un \u00e9norme canular, que les t\u00e9moins invoqu\u00e9s sont dans le coup (l&rsquo;interview d&rsquo;ackerman est certainement l&rsquo;apog\u00e9e de cette blague), on se dit qu&rsquo;il n&rsquo;est pas possible qu&rsquo;un tel personnage ait vraiment exist\u00e9 tellement ses faits et m\u00e9faits sont \u00e9normes, jusqu&rsquo;\u00e0 sa disparition myst\u00e9rieuse en 1980. Et pourtant, une recherche rapide sur internet fait apparaitre sa <a href=\"https:\/\/www.imdb.com\/fr\/name\/nm2024204\/?ref_=fn_t_1\" data-type=\"link\" data-id=\"https:\/\/www.imdb.com\/fr\/name\/nm2024204\/?ref_=fn_t_1\">fiche IMDB<\/a>, on peut m\u00eame trouver des photos d&rsquo;un film avec Alain Delon sur <a href=\"https:\/\/www.leboncoin.fr\/ad\/collection\/3037506848\">le bon coin<\/a>&#8230;<\/p>\n\n\n\n<p>Avril Tembouret se met en sc\u00e8ne et son documentaire semble lui aussi atteint du syndrome Trannoy : tourn\u00e9 au d\u00e9but des ann\u00e9es 2010, manquant de budget pour le terminer, il ne sort que cette ann\u00e9e, nous permettant ainsi de revoir Jean Rochefort, sa distinction et son humour m\u00ealant premier et second degr\u00e9.<\/p>\n\n\n\n<p>On ne peut alors que remercier Tembouret de nous faire conna\u00eetre ce personnage d\u00e9mesur\u00e9 (et je ne vous raconte pas l&rsquo;anecdote finale sur un tournage au ch\u00e2teau de Fontainebleau) et on se r\u00e9jouit que le cin\u00e9ma puisse encore nous raconter une telle histoire. <\/p>\n\n\n\n<p>L\u2019\u0153uvre invisible est tr\u00e8s peu distribu\u00e9, mais vraiment, ne ratez pas cet incroyable documentaire.<\/p>\n\n\n\n<p><\/p>\n","protected":false},"excerpt":{"rendered":"<p>Avril Tembouret, suite \u00e0 une discussion avec Jean Rochefort, part \u00e0 la recherche de l\u2019\u0153uvre d&rsquo;Alexandre Trannoy. Ce cin\u00e9aste des ann\u00e9es 60\/70 a tent\u00e9 de r\u00e9aliser plusieurs films mais aucun n&rsquo;est parvenu jusqu&rsquo;\u00e0 la projection publique. Son premier court-m\u00e9trage a &hellip; <a href=\"https:\/\/lhoteldeverre.noosfere.org\/index.php\/2026\/04\/27\/loeuvre-invisible-vladimir-rodionov-et-avril-tembouret\/\">Continuer la lecture <span class=\"meta-nav\">&rarr;<\/span><\/a><\/p>\n","protected":false},"author":1,"featured_media":0,"comment_status":"open","ping_status":"open","sticky":false,"template":"","format":"standard","meta":{"footnotes":""},"categories":[5],"tags":[],"class_list":["post-338","post","type-post","status-publish","format-standard","hentry","category-cinema"],"_links":{"self":[{"href":"https:\/\/lhoteldeverre.noosfere.org\/index.php\/wp-json\/wp\/v2\/posts\/338","targetHints":{"allow":["GET"]}}],"collection":[{"href":"https:\/\/lhoteldeverre.noosfere.org\/index.php\/wp-json\/wp\/v2\/posts"}],"about":[{"href":"https:\/\/lhoteldeverre.noosfere.org\/index.php\/wp-json\/wp\/v2\/types\/post"}],"author":[{"embeddable":true,"href":"https:\/\/lhoteldeverre.noosfere.org\/index.php\/wp-json\/wp\/v2\/users\/1"}],"replies":[{"embeddable":true,"href":"https:\/\/lhoteldeverre.noosfere.org\/index.php\/wp-json\/wp\/v2\/comments?post=338"}],"version-history":[{"count":5,"href":"https:\/\/lhoteldeverre.noosfere.org\/index.php\/wp-json\/wp\/v2\/posts\/338\/revisions"}],"predecessor-version":[{"id":344,"href":"https:\/\/lhoteldeverre.noosfere.org\/index.php\/wp-json\/wp\/v2\/posts\/338\/revisions\/344"}],"wp:attachment":[{"href":"https:\/\/lhoteldeverre.noosfere.org\/index.php\/wp-json\/wp\/v2\/media?parent=338"}],"wp:term":[{"taxonomy":"category","embeddable":true,"href":"https:\/\/lhoteldeverre.noosfere.org\/index.php\/wp-json\/wp\/v2\/categories?post=338"},{"taxonomy":"post_tag","embeddable":true,"href":"https:\/\/lhoteldeverre.noosfere.org\/index.php\/wp-json\/wp\/v2\/tags?post=338"}],"curies":[{"name":"wp","href":"https:\/\/api.w.org\/{rel}","templated":true}]}}